{"id":4923,"__str__":"Projeto de Resolu\u00e7\u00e3o n\u00ba 16 de 2023 | Proposi\u00e7\u00e3o arquivada | 07/08/2023","link_detail_backend":"/materia/tramitacao/4923","metadata":{},"timestamp":"2023-08-07T14:17:14.324617-03:00","data_tramitacao":"2023-08-07","data_encaminhamento":null,"urgente":false,"turno":"F","texto":"O homenageado desta proposi\u00e7\u00e3o j\u00e1 recebeu T\u00edtulo de Cidadania da Vereadora Rossana Ferreira.","data_fim_prazo":null,"ip":"186.235.187.46","ultima_edicao":"2023-08-07T14:16:53.462710-03:00","status":14,"materia":1003,"unidade_tramitacao_local":22,"unidade_tramitacao_destino":1,"user":3}