{"id":4146,"__str__":"Requerimento n\u00ba 21 de 2023 | Proposi\u00e7\u00e3o apresentada em Plen\u00e1rio | 29/03/2023","link_detail_backend":"/materia/tramitacao/4146","metadata":{},"timestamp":"2023-05-19T17:23:02.600151-03:00","data_tramitacao":"2023-03-29","data_encaminhamento":null,"urgente":false,"turno":"","texto":"","data_fim_prazo":null,"ip":"177.37.233.228","ultima_edicao":"2023-05-19T17:23:02.540593-03:00","status":11,"materia":797,"unidade_tramitacao_local":4,"unidade_tramitacao_destino":22,"user":3}