{"id":2530,"__str__":"Indica\u00e7\u00e3o n\u00ba 109 de 2025","link_detail_backend":"/materia/2530","metadata":{},"numero":109,"ano":2025,"numero_protocolo":170,"data_apresentacao":"2025-03-25","tipo_apresentacao":"","data_publicacao":null,"numero_origem_externa":"","ano_origem_externa":null,"data_origem_externa":null,"apelido":"","dias_prazo":null,"data_fim_prazo":null,"em_tramitacao":true,"polemica":false,"objeto":"","complementar":false,"ementa":"Solicito ao excelent\u00edssimo Prefeito S\u00e9rgio Proc\u00f3pio Colin da Silva, extensivo, ao ilustr\u00edssimo Secret\u00e1rio de Educa\u00e7\u00e3o, Ci\u00eancias e Tecnologia \u00c1ureo Falc\u00e3o, que seja fornecidos protetores auriculares, (protetores de   ouvido), para os alunos autistas da Rede P\u00fablica Municipal de Toritama que possuem sensibilidade extrema a sons. Muitos autistas t\u00eam sensibilidade extrema a sons, o barulho nas escolas e o barulho das ruas at\u00e9 \u00e0 escola, pode desencadear crises e dificultar a concentra\u00e7\u00e3o e locomo\u00e7\u00e3o dos mesmos. Essa demanda visa minimizar o desconforto e as dificuldades de socializa\u00e7\u00e3o.","indexacao":"","observacao":"","resultado":"","texto_original":"http://sapl.toritama.pe.leg.br/media/sapl/public/materialegislativa/2025/2530/2_que_seja_fornecidos_protetores_auriculares_protetores_de_ouvido_correto.pdf","data_ultima_atualizacao":"2025-03-25T08:17:16.285026-03:00","ip":"","ultima_edicao":null,"tipo":24,"regime_tramitacao":1,"tipo_origem_externa":null,"local_origem_externa":null,"user":null,"anexadas":[],"autores":[27]}