{"id":2525,"__str__":"Projeto de Lei Ordin\u00e1ria Legislativo n\u00ba 16 de 2025","link_detail_backend":"/materia/2525","metadata":{"signs":{"texto_original":{"admin":[],"autores":[["Mariana Maria do Nascimento Araujo",["2025-03-25T00:33:14-03:00","Gov-Br"]]]}}},"numero":16,"ano":2025,"numero_protocolo":165,"data_apresentacao":"2025-03-25","tipo_apresentacao":"","data_publicacao":null,"numero_origem_externa":"","ano_origem_externa":null,"data_origem_externa":null,"apelido":"","dias_prazo":null,"data_fim_prazo":null,"em_tramitacao":true,"polemica":false,"objeto":"","complementar":false,"ementa":"Disp\u00f5e sobre a inclus\u00e3o do Dia da (o) Costureira (o) no calend\u00e1rio oficial de eventos municipais e d\u00e1 outras provid\u00eancias.","indexacao":"","observacao":"","resultado":"","texto_original":"http://sapl.toritama.pe.leg.br/media/sapl/public/materialegislativa/2025/2525/pl_nc2ba_03_dia_das_costureiras_assinado.pdf","data_ultima_atualizacao":"2025-03-25T07:30:17.982396-03:00","ip":"","ultima_edicao":null,"tipo":17,"regime_tramitacao":1,"tipo_origem_externa":null,"local_origem_externa":null,"user":null,"anexadas":[],"autores":[41]}