{"id":2443,"__str__":"Indica\u00e7\u00e3o n\u00ba 49 de 2025","link_detail_backend":"/materia/2443","metadata":{},"numero":49,"ano":2025,"numero_protocolo":83,"data_apresentacao":"2025-02-10","tipo_apresentacao":"","data_publicacao":null,"numero_origem_externa":"","ano_origem_externa":null,"data_origem_externa":null,"apelido":"","dias_prazo":null,"data_fim_prazo":null,"em_tramitacao":true,"polemica":false,"objeto":"","complementar":false,"ementa":"Solicito a reconstru\u00e7\u00e3o do antigo pr\u00e9dio da prefeitura que desabou no S\u00edtio S\u00e3o Jo\u00e3o, \r\npara transform\u00e1-lo em um espa\u00e7o comunit\u00e1rio destinado a festas locais, eventos \r\nculturais e atividades para a popula\u00e7\u00e3o. A revitaliza\u00e7\u00e3o do local traria benef\u00edcios \r\nsociais e culturais, al\u00e9m de preservar a mem\u00f3ria hist\u00f3rica da regi\u00e3o. Contamos com o \r\napoio do poder p\u00fablico para viabilizar esse projeto.","indexacao":"","observacao":"","resultado":"","texto_original":"http://sapl.toritama.pe.leg.br/media/sapl/public/materialegislativa/2025/2443/indicacao09.pdf","data_ultima_atualizacao":"2025-02-10T13:46:30.269955-03:00","ip":"","ultima_edicao":null,"tipo":24,"regime_tramitacao":1,"tipo_origem_externa":null,"local_origem_externa":null,"user":null,"anexadas":[],"autores":[42]}