{"id":1907,"__str__":"Indica\u00e7\u00e3o n\u00ba 476 de 2021","link_detail_backend":"/materia/1907","metadata":{},"numero":476,"ano":2021,"numero_protocolo":1290,"data_apresentacao":"2021-11-11","tipo_apresentacao":"","data_publicacao":null,"numero_origem_externa":"","ano_origem_externa":null,"data_origem_externa":null,"apelido":"","dias_prazo":null,"data_fim_prazo":null,"em_tramitacao":false,"polemica":false,"objeto":"","complementar":false,"ementa":"Que seja celebrada uma Parceria P\u00fablico-Privada PPP com os empres\u00e1rios em torno do Parque das Feiras para que seja asfaltada ou cal\u00e7ada a Av. Dorival Jos\u00e9 Pereira, para ser descontados no IPTU.","indexacao":"","observacao":"","resultado":"","texto_original":"http://sapl.toritama.pe.leg.br/media/sapl/public/materialegislativa/2021/1907/ind_476-2021_maviael_-_que_seja_celebrada_uma_parceria_publico-privada_ppp_com_os_empresarios_em_torno_do_parque_das_feiras_para_que_seja_asfaltada_ou_calcada.pdf","data_ultima_atualizacao":"2023-12-27T11:10:46.474451-03:00","ip":"200.53.86.73","ultima_edicao":"2023-12-27T11:10:46.471729-03:00","tipo":24,"regime_tramitacao":1,"tipo_origem_externa":null,"local_origem_externa":null,"user":38,"anexadas":[],"autores":[27]}