{"id":1479,"__str__":"Indica\u00e7\u00e3o n\u00ba 167 de 2021","link_detail_backend":"/materia/1479","metadata":{},"numero":167,"ano":2021,"numero_protocolo":839,"data_apresentacao":"2021-04-07","tipo_apresentacao":"","data_publicacao":null,"numero_origem_externa":"","ano_origem_externa":null,"data_origem_externa":null,"apelido":"","dias_prazo":null,"data_fim_prazo":null,"em_tramitacao":false,"polemica":false,"objeto":"","complementar":false,"ementa":"Que a pra\u00e7a que ser\u00e1 constru\u00edda \u00e0s margens da PE-90, pr\u00f3ximo ao sal\u00e3o de beleza de neguinho, seja denominada Otac\u00edlio Ferreira de Carvalho.","indexacao":"","observacao":"","resultado":"","texto_original":"http://sapl.toritama.pe.leg.br/media/sapl/public/materialegislativa/2021/1479/ind_167-2021_ferreirinha_-_que_a_praca_que_sera_construida_as_margens_da_pe-90_proximo_ao_salao_de_beleza_de_neguinho_seja_denominada_otacilio_ferreira_de_carvalho..pdf","data_ultima_atualizacao":"2023-12-14T11:23:35.104308-03:00","ip":"200.53.86.1","ultima_edicao":"2023-12-14T11:23:35.102102-03:00","tipo":24,"regime_tramitacao":1,"tipo_origem_externa":null,"local_origem_externa":null,"user":38,"anexadas":[],"autores":[23]}